[{"@context":"https:\/\/schema.org\/","@type":"Article","@id":"https:\/\/www.virgo-plus.cz\/jak-se-vam-bydli-na-prazskem-sidlisti\/#Article","mainEntityOfPage":"https:\/\/www.virgo-plus.cz\/jak-se-vam-bydli-na-prazskem-sidlisti\/","headline":"Jak se v\u00e1m bydl\u00ed na pra\u017esk\u00e9m s\u00eddli\u0161ti","name":"Jak se v\u00e1m bydl\u00ed na pra\u017esk\u00e9m s\u00eddli\u0161ti","description":"Bydlen\u00ed v panelov\u00fdch domech za socialismu n\u011bkte\u0159\u00ed lid\u00e9 hanliv\u011b p\u0159irovn\u00e1vali k \u017eivotu v kr\u00e1l\u00edk\u00e1rn\u00e1ch. Vadila jim nejen vysok\u00e1 koncentrace obyvatel v jednom domovn\u00edm bloku, ale i nevzhledn\u00e9 okol\u00ed \u2013 tehdy se s\u00eddli\u0161t\u011b teprve stav\u011bla a lid\u00e9 tu ji\u017e z\u00edsk\u00e1vali dekrety na bydlen\u00ed v dob\u011b, kdy se v jejich bl\u00edzkosti je\u0161t\u011b<!--hoot-read-more-quicktag-->","datePublished":"2024-12-10","dateModified":"2024-12-10","author":{"@type":"Person","@id":"https:\/\/www.virgo-plus.cz\/author\/#Person","name":"","url":"https:\/\/www.virgo-plus.cz\/author\/","identifier":1,"image":{"@type":"ImageObject","@id":"https:\/\/secure.gravatar.com\/avatar\/4860d213c5bedfa07ff2b166ff7b069759f9dbf79eae813578c75f9f8cb939b7?s=96&d=mm&r=g","url":"https:\/\/secure.gravatar.com\/avatar\/4860d213c5bedfa07ff2b166ff7b069759f9dbf79eae813578c75f9f8cb939b7?s=96&d=mm&r=g","height":96,"width":96}},"publisher":{"@type":"Organization","name":"virgo-plus.cz","logo":{"@type":"ImageObject","@id":"\/logo.png","url":"\/logo.png","width":600,"height":60}},"image":{"@type":"ImageObject","@id":"https:\/\/www.virgo-plus.cz\/wp-content\/uploads\/sao-paulo-966309_640_2.jpg","url":"https:\/\/www.virgo-plus.cz\/wp-content\/uploads\/sao-paulo-966309_640_2.jpg","height":0,"width":0},"url":"https:\/\/www.virgo-plus.cz\/jak-se-vam-bydli-na-prazskem-sidlisti\/","about":["Business"],"wordCount":402,"articleBody":"        Bydlen\u00ed v panelov\u00fdch domech za socialismu n\u011bkte\u0159\u00ed lid\u00e9 hanliv\u011b p\u0159irovn\u00e1vali k \u017eivotu v kr\u00e1l\u00edk\u00e1rn\u00e1ch. Vadila jim nejen vysok\u00e1 koncentrace obyvatel v jednom domovn\u00edm bloku, ale i nevzhledn\u00e9 okol\u00ed \u2013 tehdy se s\u00eddli\u0161t\u011b teprve stav\u011bla a lid\u00e9 tu ji\u017e z\u00edsk\u00e1vali dekrety na bydlen\u00ed v dob\u011b, kdy se v jejich bl\u00edzkosti je\u0161t\u011b stav\u011blo a pohybovala se tu stavebn\u00ed technika. Jen\u017ee od t\u00e9 doby ji\u017e uplynulo mnoho let, mezit\u00edm v\u011bt\u0161ina dom\u016f obl\u00e9kla nov\u00fd kab\u00e1t, v bytech jsou nov\u00e1 okna a dve\u0159e a okol\u00ed s\u00eddli\u0161\u0165 se zazelenalo, n\u011bkde jsou k dispozici i vodn\u00ed plochy a bydlen\u00ed se tu t\u00edm p\u00e1dem zna\u010dn\u011b vylep\u0161ilo. T\u00e9m\u011b\u0159 nulov\u00e9 starosti o technickou \u00fadr\u017ebu dom\u016f a dostatek soukrom\u00ed v bytech mohou b\u00fdt dnes jedn\u00edm z d\u016fvod\u016f, pro\u010d by lid\u00e9 bydlen\u00ed v s\u00eddli\u0161ti nem\u011bnili za jin\u00e9. V Praze k tomu p\u0159isp\u00edv\u00e1 i dobr\u00e9 dopravn\u00ed spojen\u00ed do centra m\u011bsta i jeho dal\u0161\u00edch okrajov\u00fdch \u010d\u00e1st\u00ed hlavn\u011b metrem \u010di tramvajemi a tak\u00e9 je zde st\u00e1le dostatek pracovn\u00edch p\u0159\u00edle\u017eitost\u00ed. V podstat\u011b se uvnit\u0159 panelov\u00e9ho domu o nic nemus\u00edte starat, pouze doch\u00e1z\u00edte na domovn\u00ed sch\u016fze a zaji\u0161\u0165ujete \u00faklid spole\u010dn\u00fdch prostor. Jen\u017ee pokud se lid\u00e9 nedok\u00e1\u017eou rozumn\u011b dohodnout a n\u011bkdo \u00faklid prov\u00e1d\u00ed a n\u011bkdo ne, mohou tu vznikat rozep\u0159e a h\u00e1dky a sou\u017eit\u00ed v dom\u011b se t\u00edm zbyte\u010dn\u011b naru\u0161uje. \u00daklid panelov\u00fdch dom\u016f v Praze, respektive \u00faklid spole\u010dn\u00fdch prostor toti\u017e nem\u016f\u017eete nikomu na\u0159\u00eddit n\u00e1sil\u00edm, takto to nefunguje, nehled\u011b na to, \u017ee n\u011bkdo t\u0159eba opravdu nem\u016f\u017ee ze zdravotn\u00edch d\u016fvod\u016f a n\u011bkdo se v byt\u011b zdr\u017euje jen sporadicky. Jist\u00fdm \u0159e\u0161en\u00edm je \u00faklid spole\u010dn\u00fdch prostor profesion\u00e1ln\u00ed \u00faklidovou firmou. Ta se postar\u00e1 o vyt\u00edr\u00e1n\u00ed chodeb a schodi\u0161\u0165, o \u010di\u0161t\u011bn\u00ed a \u00faklid kabinky v\u00fdtahu, o myt\u00ed vchodov\u00fdch dve\u0159\u00ed, vestibulu a po\u0161tovn\u00edch schr\u00e1nek, o myt\u00ed oken, vyp\u00edna\u010d\u016f, sv\u00edtidel a parapet\u016f. A dle dohody je mo\u017en\u00e9 pov\u011b\u0159it \u00faklidovou firmu i \u00faklidem v jednotliv\u00fdch bytech v\u010detn\u011b myt\u00ed oken, kter\u00e9 je pova\u017eov\u00e1no za nebezpe\u010dnou pracovn\u00ed \u010dinnost.                                                                                                                                                                                                                                                                                                                                                                                                  "},{"@context":"https:\/\/schema.org\/","@type":"BreadcrumbList","itemListElement":[{"@type":"ListItem","position":1,"name":"Jak se v\u00e1m bydl\u00ed na pra\u017esk\u00e9m s\u00eddli\u0161ti","item":"https:\/\/www.virgo-plus.cz\/jak-se-vam-bydli-na-prazskem-sidlisti\/#breadcrumbitem"}]}]